{"id":23698,"date":"2023-11-30T11:26:13","date_gmt":"2023-11-30T00:26:13","guid":{"rendered":"https:\/\/www.mediacp.net\/nao-categorizado\/movendo-se-para-o-debian-12\/"},"modified":"2024-01-12T13:57:49","modified_gmt":"2024-01-12T02:57:49","slug":"movendo-se-para-o-debian-12","status":"publish","type":"post","link":"https:\/\/www.mediacp.net\/pt-br\/noticias-pt-br\/movendo-se-para-o-debian-12\/","title":{"rendered":"Movendo-se para o Debian 12"},"content":{"rendered":"\n<p>Com a nossa \u00faltima vers\u00e3o 2.13.7 foi adicionado suporte oficial para Debian 12. Para os clientes que desejam mudar para esta vers\u00e3o do Debian, temos um conjunto de instru\u00e7\u00f5es aqui para ajud\u00e1-lo.  <br\/><br\/><strong>Por favor, note que o suporte para Debian 12 est\u00e1 atualmente dispon\u00edvel apenas em nossa vers\u00e3o mais recente na vers\u00e3o 2.13.7<\/strong> Atualizar para o Debian 12 se voc\u00ea n\u00e3o estiver executando a 2.13.7 n\u00e3o funcionar\u00e1 e causar\u00e1 problemas. Por favor, certifique-se antes de mudar para o Debian 12 que voc\u00ea est\u00e1 executando 2.13.7+.<\/p>\n\n<p><strong>O Suporte MediaCP pode fazer isso por mim?<\/strong><br\/>N\u00e3o &#8211; N\u00e3o podemos realizar atualiza\u00e7\u00f5es do sistema operacional, no entanto, completamos um <a href=\"https:\/\/www.mediacp.net\/portal\/transferRequestForm.php\">\n  <strong>Servi\u00e7o de Migra\u00e7\u00e3o<\/strong>\n<\/a> para migrar seu MediaCP para um novo servidor executando Debian 12 (ou outro O\/S suportado).  <\/p>\n\n<p><strong>Migrando para uma nova instala\u00e7\u00e3o do Debian 12.<\/strong><\/p>\n\n<p>Recomendamos completar uma nova instala\u00e7\u00e3o do Debain 12 em um servidor diferente e migrar para a melhor estabilidade e experi\u00eancia mudando para o Debian 12. Isso evitar\u00e1 poss\u00edveis problemas que podem surgir devido \u00e0 atualiza\u00e7\u00e3o de vers\u00f5es do Debian e permitir\u00e1 um fallback se voc\u00ea encontrar problemas na mudan\u00e7a para o Debian 12. Temos um <strong>\n  <a href=\"https:\/\/www.mediacp.net\/pt-br\/doc\/admin-server-manual-pt-br\/backup-restauracao\/transferir-para-outro-servidor\/\">guia abrangente para migra\u00e7\u00e3o<\/a>\n<\/strong> dispon\u00edvel, bem como oferecemos <strong><a href=\"https:\/\/www.mediacp.net\/portal\/transferRequestForm.php\">Servi\u00e7os de Migra\u00e7\u00e3o<\/a> <\/strong>se voc\u00ea quiser que nossa equipe conclua isso para voc\u00ea.<\/p>\n\n<p><strong>Como posso atualizar para o Debian 12?<\/strong><\/p>\n\n<p>Se voc\u00ea gostaria de atualizar para o Debian 12, h\u00e1 instru\u00e7\u00f5es oficiais abrangentes na p\u00e1gina de <strong><a href=\"https:\/\/www.debian.org\/releases\/stable\/amd64\/release-notes\/ch-upgrading.en.html\" target=\"_blank\" rel=\"noreferrer noopener\">notas de lan\u00e7amento do Debian 11 (bookworm)<\/a> <\/strong>e <strong>\n  <a href=\"https:\/\/www.cyberciti.biz\/faq\/update-upgrade-debian-11-to-debian-12-bookworm\/\" target=\"_blank\" rel=\"noreferrer noopener\">instru\u00e7\u00f5es mais simples dispon\u00edveis no CyberCiti<\/a>\n<\/strong>.<\/p>\n\n<p>Antes de atualizar, voc\u00ea deve concluir um backup completo e armazenar o <strong>\n  <a href=\"https:\/\/www.mediacp.net\/pt-br\/doc\/admin-server-manual-pt-br\/backup-restauracao\/backup-mediacp\/\">backup<\/a>\n<\/strong> em um local diferente para evitar a perda de dados.  <\/p>\n\n<p><strong>Recursos:<\/strong><\/p>\n\n<ul class=\"wp-block-list\">\n<li><a href=\"https:\/\/www.linode.com\/docs\/guides\/migrate-from-centos-8-to-centos-stream\/\" target=\"_blank\" rel=\"noreferrer noopener\"><\/a><a href=\"https:\/\/www.debian.org\/releases\/buster\/amd64\/release-notes\/\"><strong>Notas de Lan\u00e7amento para Debian 12 (bookworm), PC de 64 bits<\/strong><\/a><\/li>\n\n\n\n<li><a href=\"https:\/\/www.cyberciti.biz\/faq\/update-upgrade-debian-11-to-debian-12-bookworm\/\"><strong>Como atualizar o Debian 11 para o Debian 12 Bookworm usando a CLI<\/strong><\/a><\/li>\n\n\n\n<li><a href=\"https:\/\/www.mediacp.net\/pt-br\/doc\/admin-server-manual-pt-br\/backup-restauracao\/transferir-para-outro-servidor\/\" target=\"_blank\" rel=\"noreferrer noopener\"><strong>Como migrar o MediaCP para um novo servidor<\/strong><\/a><\/li>\n\n\n\n<li><a href=\"https:\/\/www.mediacp.net\/documentation\/system-requirements\/\" target=\"_blank\" rel=\"noreferrer noopener\"><strong>Sistemas operacionais suportados pelo MediaCP<\/strong><\/a><\/li>\n<\/ul>\n\n<p><br\/>Se voc\u00ea tiver alguma d\u00favida, entre<strong> <a href=\"https:\/\/www.mediacp.net\/portal\/submitticket.php?step=2&amp;deptid=2\" target=\"_blank\" rel=\"noreferrer noopener\">em contato conosco<\/a><\/strong>.<\/p>\n","protected":false},"excerpt":{"rendered":"<p>Com a nossa \u00faltima vers\u00e3o 2.13.7 foi adicionado suporte oficial para Debian 12. Para os clientes que desejam mudar para esta vers\u00e3o do Debian, temos um conjunto de instru\u00e7\u00f5es aqui para ajud\u00e1-lo. Por favor, note que o suporte para Debian 12 est\u00e1 atualmente dispon\u00edvel apenas em nossa vers\u00e3o mais recente na vers\u00e3o 2.13.7 Atualizar para [&hellip;]<\/p>\n","protected":false},"author":6,"featured_media":0,"comment_status":"closed","ping_status":"open","sticky":false,"template":"","format":"standard","meta":{"_acf_changed":false,"_monsterinsights_skip_tracking":false,"_monsterinsights_sitenote_active":false,"_monsterinsights_sitenote_note":"","_monsterinsights_sitenote_category":0,"footnotes":""},"categories":[119],"tags":[482,483,484,485],"class_list":["post-23698","post","type-post","status-publish","format-standard","hentry","category-noticias-pt-br","tag-debian-12-pt-br","tag-o-mediacp","tag-debian-11-em-ingles","tag-atualizacao-do-debian"],"acf":[],"yoast_head":"<!-- This site is optimized with the Yoast SEO plugin v26.6 - https:\/\/yoast.com\/wordpress\/plugins\/seo\/ -->\n<title>Movendo-se para o Debian 12 - Media Control Panel<\/title>\n<meta name=\"robots\" content=\"index, follow, max-snippet:-1, max-image-preview:large, max-video-preview:-1\" \/>\n<link rel=\"canonical\" href=\"https:\/\/www.mediacp.net\/pt-br\/noticias-pt-br\/movendo-se-para-o-debian-12\/\" \/>\n<meta property=\"og:locale\" content=\"pt_BR\" \/>\n<meta property=\"og:type\" content=\"article\" \/>\n<meta property=\"og:title\" content=\"Movendo-se para o Debian 12 - Media Control Panel\" \/>\n<meta property=\"og:description\" content=\"Com a nossa \u00faltima vers\u00e3o 2.13.7 foi adicionado suporte oficial para Debian 12. Para os clientes que desejam mudar para esta vers\u00e3o do Debian, temos um conjunto de instru\u00e7\u00f5es aqui para ajud\u00e1-lo. Por favor, note que o suporte para Debian 12 est\u00e1 atualmente dispon\u00edvel apenas em nossa vers\u00e3o mais recente na vers\u00e3o 2.13.7 Atualizar para [&hellip;]\" \/>\n<meta property=\"og:url\" content=\"https:\/\/www.mediacp.net\/pt-br\/noticias-pt-br\/movendo-se-para-o-debian-12\/\" \/>\n<meta property=\"og:site_name\" content=\"Media Control Panel\" \/>\n<meta property=\"article:published_time\" content=\"2023-11-30T00:26:13+00:00\" \/>\n<meta property=\"article:modified_time\" content=\"2024-01-12T02:57:49+00:00\" \/>\n<meta name=\"author\" content=\"Reeve\" \/>\n<meta name=\"twitter:card\" content=\"summary_large_image\" \/>\n<meta name=\"twitter:label1\" content=\"Escrito por\" \/>\n\t<meta name=\"twitter:data1\" content=\"Reeve\" \/>\n\t<meta name=\"twitter:label2\" content=\"Est. tempo de leitura\" \/>\n\t<meta name=\"twitter:data2\" content=\"2 minutos\" \/>\n<script type=\"application\/ld+json\" class=\"yoast-schema-graph\">{\"@context\":\"https:\/\/schema.org\",\"@graph\":[{\"@type\":\"Article\",\"@id\":\"https:\/\/www.mediacp.net\/pt-br\/noticias-pt-br\/movendo-se-para-o-debian-12\/#article\",\"isPartOf\":{\"@id\":\"https:\/\/www.mediacp.net\/pt-br\/noticias-pt-br\/movendo-se-para-o-debian-12\/\"},\"author\":{\"name\":\"Reeve\",\"@id\":\"https:\/\/www.mediacp.net\/pt-br\/#\/schema\/person\/657f0c4843883168fb146a4dcc731100\"},\"headline\":\"Movendo-se para o Debian 12\",\"datePublished\":\"2023-11-30T00:26:13+00:00\",\"dateModified\":\"2024-01-12T02:57:49+00:00\",\"mainEntityOfPage\":{\"@id\":\"https:\/\/www.mediacp.net\/pt-br\/noticias-pt-br\/movendo-se-para-o-debian-12\/\"},\"wordCount\":331,\"publisher\":{\"@id\":\"https:\/\/www.mediacp.net\/pt-br\/#organization\"},\"keywords\":[\"Debian 12\",\"O MediaCP\",\"Debian 11 (em ingl\u00eas)\",\"Atualiza\u00e7\u00e3o do Debian\"],\"articleSection\":[\"Not\u00edcias\"],\"inLanguage\":\"pt-BR\"},{\"@type\":\"WebPage\",\"@id\":\"https:\/\/www.mediacp.net\/pt-br\/noticias-pt-br\/movendo-se-para-o-debian-12\/\",\"url\":\"https:\/\/www.mediacp.net\/pt-br\/noticias-pt-br\/movendo-se-para-o-debian-12\/\",\"name\":\"Movendo-se para o Debian 12 - Media Control Panel\",\"isPartOf\":{\"@id\":\"https:\/\/www.mediacp.net\/pt-br\/#website\"},\"datePublished\":\"2023-11-30T00:26:13+00:00\",\"dateModified\":\"2024-01-12T02:57:49+00:00\",\"breadcrumb\":{\"@id\":\"https:\/\/www.mediacp.net\/pt-br\/noticias-pt-br\/movendo-se-para-o-debian-12\/#breadcrumb\"},\"inLanguage\":\"pt-BR\",\"potentialAction\":[{\"@type\":\"ReadAction\",\"target\":[\"https:\/\/www.mediacp.net\/pt-br\/noticias-pt-br\/movendo-se-para-o-debian-12\/\"]}]},{\"@type\":\"BreadcrumbList\",\"@id\":\"https:\/\/www.mediacp.net\/pt-br\/noticias-pt-br\/movendo-se-para-o-debian-12\/#breadcrumb\",\"itemListElement\":[{\"@type\":\"ListItem\",\"position\":1,\"name\":\"Home\",\"item\":\"https:\/\/www.mediacp.net\/pt-br\/\"},{\"@type\":\"ListItem\",\"position\":2,\"name\":\"Movendo-se para o Debian 12\"}]},{\"@type\":\"WebSite\",\"@id\":\"https:\/\/www.mediacp.net\/pt-br\/#website\",\"url\":\"https:\/\/www.mediacp.net\/pt-br\/\",\"name\":\"Media Control Panel\",\"description\":\"\",\"publisher\":{\"@id\":\"https:\/\/www.mediacp.net\/pt-br\/#organization\"},\"potentialAction\":[{\"@type\":\"SearchAction\",\"target\":{\"@type\":\"EntryPoint\",\"urlTemplate\":\"https:\/\/www.mediacp.net\/pt-br\/?s={search_term_string}\"},\"query-input\":{\"@type\":\"PropertyValueSpecification\",\"valueRequired\":true,\"valueName\":\"search_term_string\"}}],\"inLanguage\":\"pt-BR\"},{\"@type\":\"Organization\",\"@id\":\"https:\/\/www.mediacp.net\/pt-br\/#organization\",\"name\":\"Media Control Panel\",\"url\":\"https:\/\/www.mediacp.net\/pt-br\/\",\"logo\":{\"@type\":\"ImageObject\",\"inLanguage\":\"pt-BR\",\"@id\":\"https:\/\/www.mediacp.net\/pt-br\/#\/schema\/logo\/image\/\",\"url\":\"https:\/\/www.mediacp.net\/wp-content\/uploads\/2016\/09\/logo-1.png\",\"contentUrl\":\"https:\/\/www.mediacp.net\/wp-content\/uploads\/2016\/09\/logo-1.png\",\"width\":460,\"height\":116,\"caption\":\"Media Control Panel\"},\"image\":{\"@id\":\"https:\/\/www.mediacp.net\/pt-br\/#\/schema\/logo\/image\/\"}},{\"@type\":\"Person\",\"@id\":\"https:\/\/www.mediacp.net\/pt-br\/#\/schema\/person\/657f0c4843883168fb146a4dcc731100\",\"name\":\"Reeve\",\"image\":{\"@type\":\"ImageObject\",\"inLanguage\":\"pt-BR\",\"@id\":\"https:\/\/www.mediacp.net\/pt-br\/#\/schema\/person\/image\/\",\"url\":\"https:\/\/secure.gravatar.com\/avatar\/5819dbacce2a29c3847352b855e73d38d20dfd5129ac21c68b14885dff851a5c?s=96&d=mm&r=g\",\"contentUrl\":\"https:\/\/secure.gravatar.com\/avatar\/5819dbacce2a29c3847352b855e73d38d20dfd5129ac21c68b14885dff851a5c?s=96&d=mm&r=g\",\"caption\":\"Reeve\"}}]}<\/script>\n<!-- \/ Yoast SEO plugin. -->","yoast_head_json":{"title":"Movendo-se para o Debian 12 - Media Control Panel","robots":{"index":"index","follow":"follow","max-snippet":"max-snippet:-1","max-image-preview":"max-image-preview:large","max-video-preview":"max-video-preview:-1"},"canonical":"https:\/\/www.mediacp.net\/pt-br\/noticias-pt-br\/movendo-se-para-o-debian-12\/","og_locale":"pt_BR","og_type":"article","og_title":"Movendo-se para o Debian 12 - Media Control Panel","og_description":"Com a nossa \u00faltima vers\u00e3o 2.13.7 foi adicionado suporte oficial para Debian 12. Para os clientes que desejam mudar para esta vers\u00e3o do Debian, temos um conjunto de instru\u00e7\u00f5es aqui para ajud\u00e1-lo. Por favor, note que o suporte para Debian 12 est\u00e1 atualmente dispon\u00edvel apenas em nossa vers\u00e3o mais recente na vers\u00e3o 2.13.7 Atualizar para [&hellip;]","og_url":"https:\/\/www.mediacp.net\/pt-br\/noticias-pt-br\/movendo-se-para-o-debian-12\/","og_site_name":"Media Control Panel","article_published_time":"2023-11-30T00:26:13+00:00","article_modified_time":"2024-01-12T02:57:49+00:00","author":"Reeve","twitter_card":"summary_large_image","twitter_misc":{"Escrito por":"Reeve","Est. tempo de leitura":"2 minutos"},"schema":{"@context":"https:\/\/schema.org","@graph":[{"@type":"Article","@id":"https:\/\/www.mediacp.net\/pt-br\/noticias-pt-br\/movendo-se-para-o-debian-12\/#article","isPartOf":{"@id":"https:\/\/www.mediacp.net\/pt-br\/noticias-pt-br\/movendo-se-para-o-debian-12\/"},"author":{"name":"Reeve","@id":"https:\/\/www.mediacp.net\/pt-br\/#\/schema\/person\/657f0c4843883168fb146a4dcc731100"},"headline":"Movendo-se para o Debian 12","datePublished":"2023-11-30T00:26:13+00:00","dateModified":"2024-01-12T02:57:49+00:00","mainEntityOfPage":{"@id":"https:\/\/www.mediacp.net\/pt-br\/noticias-pt-br\/movendo-se-para-o-debian-12\/"},"wordCount":331,"publisher":{"@id":"https:\/\/www.mediacp.net\/pt-br\/#organization"},"keywords":["Debian 12","O MediaCP","Debian 11 (em ingl\u00eas)","Atualiza\u00e7\u00e3o do Debian"],"articleSection":["Not\u00edcias"],"inLanguage":"pt-BR"},{"@type":"WebPage","@id":"https:\/\/www.mediacp.net\/pt-br\/noticias-pt-br\/movendo-se-para-o-debian-12\/","url":"https:\/\/www.mediacp.net\/pt-br\/noticias-pt-br\/movendo-se-para-o-debian-12\/","name":"Movendo-se para o Debian 12 - Media Control Panel","isPartOf":{"@id":"https:\/\/www.mediacp.net\/pt-br\/#website"},"datePublished":"2023-11-30T00:26:13+00:00","dateModified":"2024-01-12T02:57:49+00:00","breadcrumb":{"@id":"https:\/\/www.mediacp.net\/pt-br\/noticias-pt-br\/movendo-se-para-o-debian-12\/#breadcrumb"},"inLanguage":"pt-BR","potentialAction":[{"@type":"ReadAction","target":["https:\/\/www.mediacp.net\/pt-br\/noticias-pt-br\/movendo-se-para-o-debian-12\/"]}]},{"@type":"BreadcrumbList","@id":"https:\/\/www.mediacp.net\/pt-br\/noticias-pt-br\/movendo-se-para-o-debian-12\/#breadcrumb","itemListElement":[{"@type":"ListItem","position":1,"name":"Home","item":"https:\/\/www.mediacp.net\/pt-br\/"},{"@type":"ListItem","position":2,"name":"Movendo-se para o Debian 12"}]},{"@type":"WebSite","@id":"https:\/\/www.mediacp.net\/pt-br\/#website","url":"https:\/\/www.mediacp.net\/pt-br\/","name":"Media Control Panel","description":"","publisher":{"@id":"https:\/\/www.mediacp.net\/pt-br\/#organization"},"potentialAction":[{"@type":"SearchAction","target":{"@type":"EntryPoint","urlTemplate":"https:\/\/www.mediacp.net\/pt-br\/?s={search_term_string}"},"query-input":{"@type":"PropertyValueSpecification","valueRequired":true,"valueName":"search_term_string"}}],"inLanguage":"pt-BR"},{"@type":"Organization","@id":"https:\/\/www.mediacp.net\/pt-br\/#organization","name":"Media Control Panel","url":"https:\/\/www.mediacp.net\/pt-br\/","logo":{"@type":"ImageObject","inLanguage":"pt-BR","@id":"https:\/\/www.mediacp.net\/pt-br\/#\/schema\/logo\/image\/","url":"https:\/\/www.mediacp.net\/wp-content\/uploads\/2016\/09\/logo-1.png","contentUrl":"https:\/\/www.mediacp.net\/wp-content\/uploads\/2016\/09\/logo-1.png","width":460,"height":116,"caption":"Media Control Panel"},"image":{"@id":"https:\/\/www.mediacp.net\/pt-br\/#\/schema\/logo\/image\/"}},{"@type":"Person","@id":"https:\/\/www.mediacp.net\/pt-br\/#\/schema\/person\/657f0c4843883168fb146a4dcc731100","name":"Reeve","image":{"@type":"ImageObject","inLanguage":"pt-BR","@id":"https:\/\/www.mediacp.net\/pt-br\/#\/schema\/person\/image\/","url":"https:\/\/secure.gravatar.com\/avatar\/5819dbacce2a29c3847352b855e73d38d20dfd5129ac21c68b14885dff851a5c?s=96&d=mm&r=g","contentUrl":"https:\/\/secure.gravatar.com\/avatar\/5819dbacce2a29c3847352b855e73d38d20dfd5129ac21c68b14885dff851a5c?s=96&d=mm&r=g","caption":"Reeve"}}]}},"_links":{"self":[{"href":"https:\/\/www.mediacp.net\/pt-br\/wp-json\/wp\/v2\/posts\/23698","targetHints":{"allow":["GET"]}}],"collection":[{"href":"https:\/\/www.mediacp.net\/pt-br\/wp-json\/wp\/v2\/posts"}],"about":[{"href":"https:\/\/www.mediacp.net\/pt-br\/wp-json\/wp\/v2\/types\/post"}],"author":[{"embeddable":true,"href":"https:\/\/www.mediacp.net\/pt-br\/wp-json\/wp\/v2\/users\/6"}],"replies":[{"embeddable":true,"href":"https:\/\/www.mediacp.net\/pt-br\/wp-json\/wp\/v2\/comments?post=23698"}],"version-history":[{"count":0,"href":"https:\/\/www.mediacp.net\/pt-br\/wp-json\/wp\/v2\/posts\/23698\/revisions"}],"wp:attachment":[{"href":"https:\/\/www.mediacp.net\/pt-br\/wp-json\/wp\/v2\/media?parent=23698"}],"wp:term":[{"taxonomy":"category","embeddable":true,"href":"https:\/\/www.mediacp.net\/pt-br\/wp-json\/wp\/v2\/categories?post=23698"},{"taxonomy":"post_tag","embeddable":true,"href":"https:\/\/www.mediacp.net\/pt-br\/wp-json\/wp\/v2\/tags?post=23698"}],"curies":[{"name":"wp","href":"https:\/\/api.w.org\/{rel}","templated":true}]}}